{"id":123,"date":"2014-11-26T20:14:48","date_gmt":"2014-11-26T18:14:48","guid":{"rendered":"http:\/\/blog.milde-honig.de\/?p=123"},"modified":"2022-02-09T12:11:10","modified_gmt":"2022-02-09T10:11:10","slug":"ruhe-am-bienenstand-2","status":"publish","type":"post","link":"http:\/\/blog.milde-honig.de\/?p=123","title":{"rendered":"Ruhe am Bienenstand"},"content":{"rendered":"<p>Als deutliches,\u00a0 un\u00fcberh\u00f6rbares Anzeichen f\u00fcr den nahenden Winter, zogen die Kraniche lauthals t\u00f6nend\u00a0 in Richtung Winterquartiere.\u00a0 In diesem Jahr sahen wir bereits\u00a0 ungew\u00f6hnlich fr\u00fch, (Ende September) die ersten \u201eReisetruppen\u201c.<\/p>\n<p>Die Nachttemperaturen sind merklich k\u00fchler geworden und am Bienenstand kehrt Ruhe ein. An den Bienenv\u00f6lkern sind die Arbeiten, bis auf restliche Aktivit\u00e4ten zur Erhaltung der Bienengesundheit, abgeschlossen. Nun \u00a0hoffen wir, dass alle V\u00f6lker den Winter ohne Milben, mit gen\u00fcgend Futter, \u00a0gesund \u00a0\u00fcberleben.<\/p>\n<p>Auch wenn die diesj\u00e4hrige Honigernte in vielen Regionen deutlich geringer ausgefallen ist als in den Vorjahren, waren wir mit dem\u00a0 Bienenjahr zufrieden, erfreuen uns an einem k\u00f6stlichen Honig.<\/p>\n<p>F\u00fcr Imker beginnt nun die Zeit zur Vermarktung \u00a0der Bienenerzeugnisse, zur Planung f\u00fcr das n\u00e4chste Bienenjahr, zur Fortbildung oder einfach auch zur Entspannung und Mu\u00dfe.<\/p>\n<p><i>Blumenpracht am 18.Nov.2014<\/i><\/p>\n<p><a href=\"http:\/\/blog.milde-honig.de\/wp-content\/uploads\/2014\/11\/Unbenannt.jpg\"><img loading=\"lazy\" decoding=\"async\" class=\"size-full wp-image-124\" alt=\"Herbstblumen 2014\" src=\"http:\/\/blog.milde-honig.de\/wp-content\/uploads\/2014\/11\/Unbenannt.jpg\" width=\"931\" height=\"513\" srcset=\"http:\/\/blog.milde-honig.de\/wp-content\/uploads\/2014\/11\/Unbenannt.jpg 931w, http:\/\/blog.milde-honig.de\/wp-content\/uploads\/2014\/11\/Unbenannt-300x165.jpg 300w, http:\/\/blog.milde-honig.de\/wp-content\/uploads\/2014\/11\/Unbenannt-500x275.jpg 500w\" sizes=\"auto, (max-width: 931px) 100vw, 931px\" \/><\/a><\/p>\n","protected":false},"excerpt":{"rendered":"<p>Als deutliches,\u00a0 un\u00fcberh\u00f6rbares Anzeichen f\u00fcr den nahenden Winter, zogen die Kraniche lauthals t\u00f6nend\u00a0 in Richtung Winterquartiere.\u00a0 In diesem Jahr sahen wir bereits\u00a0 ungew\u00f6hnlich fr\u00fch, (Ende September) die ersten \u201eReisetruppen\u201c. Die Nachttemperaturen sind merklich k\u00fchler geworden und am Bienenstand kehrt Ruhe &hellip; <a href=\"http:\/\/blog.milde-honig.de\/?p=123\">Weiterlesen <span class=\"meta-nav\">&rarr;<\/span><\/a><\/p>\n","protected":false},"author":1,"featured_media":0,"comment_status":"closed","ping_status":"closed","sticky":false,"template":"","format":"standard","meta":{"footnotes":""},"categories":[1],"tags":[],"class_list":["post-123","post","type-post","status-publish","format-standard","hentry","category-honig-news"],"_links":{"self":[{"href":"http:\/\/blog.milde-honig.de\/index.php?rest_route=\/wp\/v2\/posts\/123","targetHints":{"allow":["GET"]}}],"collection":[{"href":"http:\/\/blog.milde-honig.de\/index.php?rest_route=\/wp\/v2\/posts"}],"about":[{"href":"http:\/\/blog.milde-honig.de\/index.php?rest_route=\/wp\/v2\/types\/post"}],"author":[{"embeddable":true,"href":"http:\/\/blog.milde-honig.de\/index.php?rest_route=\/wp\/v2\/users\/1"}],"replies":[{"embeddable":true,"href":"http:\/\/blog.milde-honig.de\/index.php?rest_route=%2Fwp%2Fv2%2Fcomments&post=123"}],"version-history":[{"count":2,"href":"http:\/\/blog.milde-honig.de\/index.php?rest_route=\/wp\/v2\/posts\/123\/revisions"}],"predecessor-version":[{"id":220,"href":"http:\/\/blog.milde-honig.de\/index.php?rest_route=\/wp\/v2\/posts\/123\/revisions\/220"}],"wp:attachment":[{"href":"http:\/\/blog.milde-honig.de\/index.php?rest_route=%2Fwp%2Fv2%2Fmedia&parent=123"}],"wp:term":[{"taxonomy":"category","embeddable":true,"href":"http:\/\/blog.milde-honig.de\/index.php?rest_route=%2Fwp%2Fv2%2Fcategories&post=123"},{"taxonomy":"post_tag","embeddable":true,"href":"http:\/\/blog.milde-honig.de\/index.php?rest_route=%2Fwp%2Fv2%2Ftags&post=123"}],"curies":[{"name":"wp","href":"https:\/\/api.w.org\/{rel}","templated":true}]}}