{"id":166,"date":"2018-04-02T14:08:42","date_gmt":"2018-04-02T12:08:42","guid":{"rendered":"http:\/\/blog.milde-honig.de\/?p=166"},"modified":"2022-02-09T12:11:10","modified_gmt":"2022-02-09T10:11:10","slug":"2018-hat-begonnen","status":"publish","type":"post","link":"http:\/\/blog.milde-honig.de\/?p=166","title":{"rendered":"2018 hat begonnen"},"content":{"rendered":"<p>Unsere Bienen sind bis jetzt gut durch den anf\u00e4nglich milden Winter gekommen.<br \/>\nDurch die im November, Dezember hinweg milden Temperaturen sind die starken V\u00f6lker teilweise nicht aus der Brut gegangen und haben viel Futter verbraucht.<br \/>\nZwar f\u00fcttern wir gro\u00dfz\u00fcgig ein, jedoch ben\u00f6tigen die V\u00f6lker bis in den April hinein noch Futter aus dem Vergangenen Jahr. Einige unserer V\u00f6lker hatten die Vorr\u00e4te nahezu ausgesch\u00f6pft, so dass wir im M\u00e4rz punktuell nachf\u00fcttern mussten, damit der Start in das Fr\u00fchjahr gelingen kann.<\/p>\n<p>Hoffen wir nun durchweg auf mildere Temperaturen und eine sch\u00f6ne Fr\u00fchtracht, bei der Bienen und Imker auf ihre Kosten kommen&#8230;<\/p>\n","protected":false},"excerpt":{"rendered":"<p>Unsere Bienen sind bis jetzt gut durch den anf\u00e4nglich milden Winter gekommen. Durch die im November, Dezember hinweg milden Temperaturen sind die starken V\u00f6lker teilweise nicht aus der Brut gegangen und haben viel Futter verbraucht. Zwar f\u00fcttern wir gro\u00dfz\u00fcgig ein, &hellip; <a href=\"http:\/\/blog.milde-honig.de\/?p=166\">Weiterlesen <span class=\"meta-nav\">&rarr;<\/span><\/a><\/p>\n","protected":false},"author":1,"featured_media":0,"comment_status":"closed","ping_status":"closed","sticky":false,"template":"","format":"standard","meta":{"footnotes":""},"categories":[1],"tags":[],"class_list":["post-166","post","type-post","status-publish","format-standard","hentry","category-honig-news"],"_links":{"self":[{"href":"http:\/\/blog.milde-honig.de\/index.php?rest_route=\/wp\/v2\/posts\/166","targetHints":{"allow":["GET"]}}],"collection":[{"href":"http:\/\/blog.milde-honig.de\/index.php?rest_route=\/wp\/v2\/posts"}],"about":[{"href":"http:\/\/blog.milde-honig.de\/index.php?rest_route=\/wp\/v2\/types\/post"}],"author":[{"embeddable":true,"href":"http:\/\/blog.milde-honig.de\/index.php?rest_route=\/wp\/v2\/users\/1"}],"replies":[{"embeddable":true,"href":"http:\/\/blog.milde-honig.de\/index.php?rest_route=%2Fwp%2Fv2%2Fcomments&post=166"}],"version-history":[{"count":2,"href":"http:\/\/blog.milde-honig.de\/index.php?rest_route=\/wp\/v2\/posts\/166\/revisions"}],"predecessor-version":[{"id":213,"href":"http:\/\/blog.milde-honig.de\/index.php?rest_route=\/wp\/v2\/posts\/166\/revisions\/213"}],"wp:attachment":[{"href":"http:\/\/blog.milde-honig.de\/index.php?rest_route=%2Fwp%2Fv2%2Fmedia&parent=166"}],"wp:term":[{"taxonomy":"category","embeddable":true,"href":"http:\/\/blog.milde-honig.de\/index.php?rest_route=%2Fwp%2Fv2%2Fcategories&post=166"},{"taxonomy":"post_tag","embeddable":true,"href":"http:\/\/blog.milde-honig.de\/index.php?rest_route=%2Fwp%2Fv2%2Ftags&post=166"}],"curies":[{"name":"wp","href":"https:\/\/api.w.org\/{rel}","templated":true}]}}